{"id":9058,"date":"2026-09-04T13:48:42","date_gmt":"2026-09-04T12:48:42","guid":{"rendered":"https:\/\/www.gennetines.org\/2026\/09\/merci-a-tous-et-toutes\/"},"modified":"2026-09-04T13:48:42","modified_gmt":"2026-09-04T12:48:42","slug":"merci-a-tous-et-toutes","status":"publish","type":"post","link":"https:\/\/www.gennetines.org\/en\/2026\/09\/merci-a-tous-et-toutes\/","title":{"rendered":"Merci \u00e0 tous et toutes"},"content":{"rendered":"<div class=\"wpb-content-wrapper\"><p>[vc_row][vc_column][vc_column_text css=&#8221;&#8221;]<\/p>\r\n<p>Nous avons r\u00e9ussi \u00e0 faire vivre un espace incroyable pendant 15 jours.<\/p>\r\n<p>Nous avons d\u00fb faire face \u00e0 la canicule, aux orages et aux risques importants de gr\u00eale et d\u2019incendie.<\/p>\r\n<p>Nous souhaitons vous remercier, parce que vous avez accept\u00e9 et respect\u00e9 les obligations impos\u00e9es par la pr\u00e9fecture de l\u2019Allier et plus largement l\u2019ensemble de nos recommandations.<\/p>\r\n<p>Nous avons pu appr\u00e9cier les artistes tellement joyeux de partager, les organisateurs et organisatrices tr\u00e8s motiv\u00e9.es et l\u2019ensemble des participant.es offrants une joie communicative.<\/p>\r\n<p>Dans quelques jours nous publierons notre lettre d\u2019information de septembre et les premiers bilans.<\/p>\r\n<p>Bernard Coclet et le comit\u00e9 d\u2019organisation<\/p>\r\n<p>&nbsp;<\/p>\r\n<p>[\/vc_column_text][\/vc_column][\/vc_row]<\/p><\/div>","protected":false},"excerpt":{"rendered":"[vc_row][vc_column][vc_column_text css=&#8221;&#8221;] Nous avons r\u00e9ussi \u00e0 faire vivre un espace incroyable pendant 15 jours. Nous avons d\u00fb faire face \u00e0 la canicule, aux orages et aux risques importants de gr\u00eale et d\u2019incendie. Nous souhaitons&#46;&#46;&#46;","protected":false},"author":4,"featured_media":0,"comment_status":"closed","ping_status":"closed","sticky":false,"template":"","format":"standard","meta":{"footnotes":""},"categories":[38],"tags":[],"class_list":["post-9058","post","type-post","status-publish","format-standard","hentry","category-news"],"_links":{"self":[{"href":"https:\/\/www.gennetines.org\/en\/wp-json\/wp\/v2\/posts\/9058","targetHints":{"allow":["GET"]}}],"collection":[{"href":"https:\/\/www.gennetines.org\/en\/wp-json\/wp\/v2\/posts"}],"about":[{"href":"https:\/\/www.gennetines.org\/en\/wp-json\/wp\/v2\/types\/post"}],"author":[{"embeddable":true,"href":"https:\/\/www.gennetines.org\/en\/wp-json\/wp\/v2\/users\/4"}],"replies":[{"embeddable":true,"href":"https:\/\/www.gennetines.org\/en\/wp-json\/wp\/v2\/comments?post=9058"}],"version-history":[{"count":0,"href":"https:\/\/www.gennetines.org\/en\/wp-json\/wp\/v2\/posts\/9058\/revisions"}],"wp:attachment":[{"href":"https:\/\/www.gennetines.org\/en\/wp-json\/wp\/v2\/media?parent=9058"}],"wp:term":[{"taxonomy":"category","embeddable":true,"href":"https:\/\/www.gennetines.org\/en\/wp-json\/wp\/v2\/categories?post=9058"},{"taxonomy":"post_tag","embeddable":true,"href":"https:\/\/www.gennetines.org\/en\/wp-json\/wp\/v2\/tags?post=9058"}],"curies":[{"name":"wp","href":"https:\/\/api.w.org\/{rel}","templated":true}]}}