{"id":7093,"date":"2024-09-18T10:42:23","date_gmt":"2024-09-18T09:42:23","guid":{"rendered":"https:\/\/www.gennetines.org\/?p=7093"},"modified":"2024-09-18T10:42:23","modified_gmt":"2024-09-18T09:42:23","slug":"les-ateliers-du-lundi-a-gennetines-dans-la-ferme-des-gauthiers","status":"publish","type":"post","link":"https:\/\/www.gennetines.org\/en\/2024\/09\/les-ateliers-du-lundi-a-gennetines-dans-la-ferme-des-gauthiers\/","title":{"rendered":"Les ateliers du lundi \u00e0 Gennetines dans la ferme des Gauthiers"},"content":{"rendered":"<p>Ils sont anim\u00e9s par Bernard Coclet de 20h \u00e0 22h15.<\/p>\r\n<p>Au menu\u00a0: la bourr\u00e9e dans tous ses \u00e9tats, danses de couple, initiation aux danses issues des provinces fran\u00e7aises.<\/p>\r\n<p>Premi\u00e8res s\u00e9ances les lundis 23 et 30 septembre. Si vous ne pouvez pas \u00eatre pr\u00e9sents le 23 ou le 30, contactez-nous par mail pour \u00eatre inform\u00e9s des ateliers suivants.<\/p>","protected":false},"excerpt":{"rendered":"Ils sont anim\u00e9s par Bernard Coclet de 20h \u00e0 22h15. Au menu\u00a0: la bourr\u00e9e dans tous ses \u00e9tats, danses de couple, initiation aux danses issues des provinces fran\u00e7aises. Premi\u00e8res s\u00e9ances les lundis 23 et&#46;&#46;&#46;","protected":false},"author":4,"featured_media":0,"comment_status":"closed","ping_status":"closed","sticky":false,"template":"","format":"standard","meta":{"footnotes":""},"categories":[38],"tags":[],"class_list":["post-7093","post","type-post","status-publish","format-standard","hentry","category-news"],"_links":{"self":[{"href":"https:\/\/www.gennetines.org\/en\/wp-json\/wp\/v2\/posts\/7093","targetHints":{"allow":["GET"]}}],"collection":[{"href":"https:\/\/www.gennetines.org\/en\/wp-json\/wp\/v2\/posts"}],"about":[{"href":"https:\/\/www.gennetines.org\/en\/wp-json\/wp\/v2\/types\/post"}],"author":[{"embeddable":true,"href":"https:\/\/www.gennetines.org\/en\/wp-json\/wp\/v2\/users\/4"}],"replies":[{"embeddable":true,"href":"https:\/\/www.gennetines.org\/en\/wp-json\/wp\/v2\/comments?post=7093"}],"version-history":[{"count":1,"href":"https:\/\/www.gennetines.org\/en\/wp-json\/wp\/v2\/posts\/7093\/revisions"}],"predecessor-version":[{"id":7094,"href":"https:\/\/www.gennetines.org\/en\/wp-json\/wp\/v2\/posts\/7093\/revisions\/7094"}],"wp:attachment":[{"href":"https:\/\/www.gennetines.org\/en\/wp-json\/wp\/v2\/media?parent=7093"}],"wp:term":[{"taxonomy":"category","embeddable":true,"href":"https:\/\/www.gennetines.org\/en\/wp-json\/wp\/v2\/categories?post=7093"},{"taxonomy":"post_tag","embeddable":true,"href":"https:\/\/www.gennetines.org\/en\/wp-json\/wp\/v2\/tags?post=7093"}],"curies":[{"name":"wp","href":"https:\/\/api.w.org\/{rel}","templated":true}]}}