{"id":4635,"date":"2023-09-05T08:02:26","date_gmt":"2023-09-05T07:02:26","guid":{"rendered":"https:\/\/www.gennetines.org\/en\/2022\/09\/reprise-des-ateliers-de-danse-aux-gauthiers-a-gennetines\/"},"modified":"2024-01-26T12:51:29","modified_gmt":"2024-01-26T11:51:29","slug":"reprise-des-ateliers-de-danse-aux-gauthiers-a-gennetines-2","status":"publish","type":"post","link":"https:\/\/www.gennetines.org\/en\/2023\/09\/reprise-des-ateliers-de-danse-aux-gauthiers-a-gennetines-2\/","title":{"rendered":"Reprise des ateliers de danse aux Gauthiers \u00e0 Gennetines"},"content":{"rendered":"<p align=\"justify\"><span style=\"font-family: Times New Roman, serif;\"><span style=\"font-size: medium;\">Les prochaines s\u00e9ances sont pr\u00e9vues les lundi 11 et 25 septembre. Les 9 et 30 octobre. Les 13 et 27 novembre.<\/span><\/span><\/p>\r\n<p align=\"justify\"><span style=\"font-family: Times New Roman, serif;\"><span style=\"font-size: medium;\">Danse de 20h \u00e0 22h15 avec Bernard Coclet en compagnie.<\/span><\/span><\/p>\r\n<p align=\"justify\"><span style=\"font-family: Times New Roman, serif;\"><span style=\"font-size: medium;\">Au menu\u00a0: Bourr\u00e9es issues des r\u00e9pertoires \u00ab\u00a0traditionnels\u00a0\u00bb ; Bourr\u00e9es arrang\u00e9es, harmonis\u00e9es ou cr\u00e9\u00e9e ; Danses de couple issues des r\u00e9pertoires populaires avec variations et cr\u00e9ations ; Danses de France et d&#8217;Europe.<\/span><\/span><\/p>\r\n<p align=\"justify\"><span style=\"font-family: Times New Roman, serif;\"><span style=\"font-size: medium;\">Gratuite pour les adh\u00e9rents \u00e0 l\u2019AEADT, les habitants de la r\u00e9gion, les jeunes et les personnes \u00e0 faible ressource.<\/span><\/span><\/p>\r\n<p align=\"justify\"><span style=\"font-family: Times New Roman, serif;\"><span style=\"font-size: medium;\">Vous pouvez vous joindre \u00e0 nous sans pr\u00e9avis ou nous informer de votre venue par mail (grandbal@gennetines.org) ou nous joindre par t\u00e9l\u00e9phone (04 70 42 14 42 les mardis de 20h \u00e0 22h ou les mercredis de 10h \u00e0 15h).<\/span><\/span><\/p>","protected":false},"excerpt":{"rendered":"Les prochaines s\u00e9ances sont pr\u00e9vues les lundi 11 et 25 septembre. Les 9 et 30 octobre. Les 13 et 27 novembre. Danse de 20h \u00e0 22h15 avec Bernard Coclet en compagnie. Au menu\u00a0: Bourr\u00e9es&#46;&#46;&#46;","protected":false},"author":4,"featured_media":0,"comment_status":"closed","ping_status":"closed","sticky":false,"template":"","format":"standard","meta":{"footnotes":""},"categories":[38],"tags":[],"class_list":["post-4635","post","type-post","status-publish","format-standard","hentry","category-news"],"_links":{"self":[{"href":"https:\/\/www.gennetines.org\/en\/wp-json\/wp\/v2\/posts\/4635","targetHints":{"allow":["GET"]}}],"collection":[{"href":"https:\/\/www.gennetines.org\/en\/wp-json\/wp\/v2\/posts"}],"about":[{"href":"https:\/\/www.gennetines.org\/en\/wp-json\/wp\/v2\/types\/post"}],"author":[{"embeddable":true,"href":"https:\/\/www.gennetines.org\/en\/wp-json\/wp\/v2\/users\/4"}],"replies":[{"embeddable":true,"href":"https:\/\/www.gennetines.org\/en\/wp-json\/wp\/v2\/comments?post=4635"}],"version-history":[{"count":3,"href":"https:\/\/www.gennetines.org\/en\/wp-json\/wp\/v2\/posts\/4635\/revisions"}],"predecessor-version":[{"id":5223,"href":"https:\/\/www.gennetines.org\/en\/wp-json\/wp\/v2\/posts\/4635\/revisions\/5223"}],"wp:attachment":[{"href":"https:\/\/www.gennetines.org\/en\/wp-json\/wp\/v2\/media?parent=4635"}],"wp:term":[{"taxonomy":"category","embeddable":true,"href":"https:\/\/www.gennetines.org\/en\/wp-json\/wp\/v2\/categories?post=4635"},{"taxonomy":"post_tag","embeddable":true,"href":"https:\/\/www.gennetines.org\/en\/wp-json\/wp\/v2\/tags?post=4635"}],"curies":[{"name":"wp","href":"https:\/\/api.w.org\/{rel}","templated":true}]}}