{"id":4319,"date":"2022-02-10T07:48:44","date_gmt":"2022-02-10T06:48:44","guid":{"rendered":"https:\/\/www.gennetines.org\/en\/2022\/02\/compte-rendu-assemblee-generale-decembre-2021\/"},"modified":"2024-01-26T12:51:34","modified_gmt":"2024-01-26T11:51:34","slug":"compte-rendu-assemblee-generale-decembre-2021","status":"publish","type":"post","link":"https:\/\/www.gennetines.org\/en\/2022\/02\/compte-rendu-assemblee-generale-decembre-2021\/","title":{"rendered":"Compte-rendu Assembl\u00e9e G\u00e9n\u00e9rale d\u00e9cembre 2021"},"content":{"rendered":"<p>Nous venons de publier le\u00a0<a href=\"https:\/\/www.gennetines.org\/wp-content\/uploads\/Compte-rendu-Assemblee-Generale-decembre-2021.pdf\" target=\"_blank\" rel=\"noopener noreferrer\">compte-rendu de l&#8217;Assembl\u00e9e G\u00e9n\u00e9rale<\/a> du 29 d\u00e9cembre 2020.<\/p>\r\n<p>Vous pouvez retrouver \u00e9galement le document pr\u00e9paratoire \u00e0 cette Assembl\u00e9e G\u00e9n\u00e9rale, le <a href=\"https:\/\/www.gennetines.org\/wp-content\/uploads\/Bulletin-de-liaison-decembre-2021.pdf\">bulletin de liaison<\/a>, document de quatre pages qui analyse et commente la vie de l\u2019association.<\/p>","protected":false},"excerpt":{"rendered":"Nous venons de publier le\u00a0compte-rendu de l&#8217;Assembl\u00e9e G\u00e9n\u00e9rale du 29 d\u00e9cembre 2020. Vous pouvez retrouver \u00e9galement le document pr\u00e9paratoire \u00e0 cette Assembl\u00e9e G\u00e9n\u00e9rale, le bulletin de liaison, document de quatre pages qui analyse et&#46;&#46;&#46;","protected":false},"author":4,"featured_media":0,"comment_status":"closed","ping_status":"closed","sticky":false,"template":"","format":"standard","meta":{"footnotes":""},"categories":[38],"tags":[],"class_list":["post-4319","post","type-post","status-publish","format-standard","hentry","category-news"],"_links":{"self":[{"href":"https:\/\/www.gennetines.org\/en\/wp-json\/wp\/v2\/posts\/4319","targetHints":{"allow":["GET"]}}],"collection":[{"href":"https:\/\/www.gennetines.org\/en\/wp-json\/wp\/v2\/posts"}],"about":[{"href":"https:\/\/www.gennetines.org\/en\/wp-json\/wp\/v2\/types\/post"}],"author":[{"embeddable":true,"href":"https:\/\/www.gennetines.org\/en\/wp-json\/wp\/v2\/users\/4"}],"replies":[{"embeddable":true,"href":"https:\/\/www.gennetines.org\/en\/wp-json\/wp\/v2\/comments?post=4319"}],"version-history":[{"count":1,"href":"https:\/\/www.gennetines.org\/en\/wp-json\/wp\/v2\/posts\/4319\/revisions"}],"predecessor-version":[{"id":5800,"href":"https:\/\/www.gennetines.org\/en\/wp-json\/wp\/v2\/posts\/4319\/revisions\/5800"}],"wp:attachment":[{"href":"https:\/\/www.gennetines.org\/en\/wp-json\/wp\/v2\/media?parent=4319"}],"wp:term":[{"taxonomy":"category","embeddable":true,"href":"https:\/\/www.gennetines.org\/en\/wp-json\/wp\/v2\/categories?post=4319"},{"taxonomy":"post_tag","embeddable":true,"href":"https:\/\/www.gennetines.org\/en\/wp-json\/wp\/v2\/tags?post=4319"}],"curies":[{"name":"wp","href":"https:\/\/api.w.org\/{rel}","templated":true}]}}