{"id":4107,"date":"2020-11-30T12:19:31","date_gmt":"2020-11-30T11:19:31","guid":{"rendered":"https:\/\/www.gennetines.org\/en\/2020\/11\/lavenir-en-2021\/"},"modified":"2024-01-26T12:33:38","modified_gmt":"2024-01-26T11:33:38","slug":"lavenir-en-2021","status":"publish","type":"post","link":"https:\/\/www.gennetines.org\/en\/2020\/11\/lavenir-en-2021\/","title":{"rendered":"L&#8217;avenir en 2021"},"content":{"rendered":"<p>Nous pr\u00e9parons actuellement notre lettre d&#8217;informations et notre bulletin de d\u00e9cembre qui fait le bilan de nos activit\u00e9s pass\u00e9es et qui pr\u00e9sente nos projets.<br \/>\r\nDe nombreuses incertitudes sur la r\u00e9alisation de nos projets demeurent. Les contraintes li\u00e9es \u00e0 l&#8217;organisation des manifestations nous permettront-elles d&#8217;organiser le Grand Bal de l&#8217;Europe \u00e0 l&#8217;\u00e9t\u00e9 2021 en libert\u00e9 et en s\u00e9curit\u00e9 ?<br \/>\r\nNous ferons un premier point mi-d\u00e9cembre sur l&#8217;ensemble de nos activit\u00e9s.<\/p>","protected":false},"excerpt":{"rendered":"Nous pr\u00e9parons actuellement notre lettre d&#8217;informations et notre bulletin de d\u00e9cembre qui fait le bilan de nos activit\u00e9s pass\u00e9es et qui pr\u00e9sente nos projets. De nombreuses incertitudes sur la r\u00e9alisation de nos projets demeurent.&#46;&#46;&#46;","protected":false},"author":4,"featured_media":0,"comment_status":"closed","ping_status":"closed","sticky":false,"template":"","format":"standard","meta":{"footnotes":""},"categories":[38],"tags":[],"class_list":["post-4107","post","type-post","status-publish","format-standard","hentry","category-news"],"_links":{"self":[{"href":"https:\/\/www.gennetines.org\/en\/wp-json\/wp\/v2\/posts\/4107","targetHints":{"allow":["GET"]}}],"collection":[{"href":"https:\/\/www.gennetines.org\/en\/wp-json\/wp\/v2\/posts"}],"about":[{"href":"https:\/\/www.gennetines.org\/en\/wp-json\/wp\/v2\/types\/post"}],"author":[{"embeddable":true,"href":"https:\/\/www.gennetines.org\/en\/wp-json\/wp\/v2\/users\/4"}],"replies":[{"embeddable":true,"href":"https:\/\/www.gennetines.org\/en\/wp-json\/wp\/v2\/comments?post=4107"}],"version-history":[{"count":1,"href":"https:\/\/www.gennetines.org\/en\/wp-json\/wp\/v2\/posts\/4107\/revisions"}],"predecessor-version":[{"id":4112,"href":"https:\/\/www.gennetines.org\/en\/wp-json\/wp\/v2\/posts\/4107\/revisions\/4112"}],"wp:attachment":[{"href":"https:\/\/www.gennetines.org\/en\/wp-json\/wp\/v2\/media?parent=4107"}],"wp:term":[{"taxonomy":"category","embeddable":true,"href":"https:\/\/www.gennetines.org\/en\/wp-json\/wp\/v2\/categories?post=4107"},{"taxonomy":"post_tag","embeddable":true,"href":"https:\/\/www.gennetines.org\/en\/wp-json\/wp\/v2\/tags?post=4107"}],"curies":[{"name":"wp","href":"https:\/\/api.w.org\/{rel}","templated":true}]}}